{"id":486,"date":"2024-03-04T10:16:13","date_gmt":"2024-03-04T09:16:13","guid":{"rendered":"https:\/\/tp2.forschungsgruppe-pronomen.de\/?p=486"},"modified":"2024-04-18T10:31:22","modified_gmt":"2024-04-18T09:31:22","slug":"panel-pronomengebrauch-und-stance-taking-bei-der-dgfs-tagung-2024","status":"publish","type":"post","link":"https:\/\/tp2.forschungsgruppe-pronomen.de\/en\/panel-pronomengebrauch-und-stance-taking-bei-der-dgfs-tagung-2024\/","title":{"rendered":"Panel \"Usage of Pronouns and Stance Taking\" at the conference of the DGfS (German Linguistics Society) 2024"},"content":{"rendered":"<p>The 46th annual conference of the DGfS (German Linguistic Society) took place at the Ruhr University Bochum from 28 February to 1 March 2014 (https:\/\/www.dgfs2024.ruhr-uni-bochum.de\/). A total of 14 working groups and 4 plenary lectures were devoted to the topic of \"Language and Attitude\" from a wide variety of perspectives and thus to the question of how language is used to relate to facts or persons through explicit attitudinal expressions or implicit attitude coding. The Panel \"Pronoun use and stance taking\" (<a href=\"https:\/\/www.dgfs2024.ruhr-uni-bochum.de\/dgfs\/programm\/arbeitsgruppen.html.de\">https:\/\/www.dgfs2024.ruhr-uni-bochum.de\/dgfs\/programm\/arbeitsgruppen.html.de<\/a>) took on this question with a focus on the role of pronouns for the labelling of attitudes. The panel was organised by Antje Dammel, Wolfgang Imo and Jens Lanwer in order to develop the concept of <em>Stance <\/em>in more detail. Under <em>Stance Taking<\/em> Du Bois (2007) understands the expression of attitudes in relation to an object and in relation to other participants in the communication. Here, pronouns play a role in the coding of the latter two reference points of <em>Stance<\/em> The panel devoted itself to the desideratum of spelling out this role more precisely and in empirical studies in 16 contributions that were very diverse in terms of both content and methodology. Our project was also represented in cooperation with tHamburg with a presentation in cooperation with the sub-project \"Person-referencing pronouns in drama\". Laura Duve and Valeria Schick presented the central results of an empirical study entitled \"'Man schaue und wundere sich' - Heische-Formeln mit <em>man <\/em>als Positionierungsressourcen in Hexenverh\u00f6rprotokollen und Dramen des 17.-19. Jahrhunderts\u201c. Heische-Formeln in their prototypical form <em>man<\/em> man + (X) + verb (3rd Pers. sg. conj. I) are only used in certain genres<em>Man nehme X<\/em>in recepies) or consolidated phrases<em>Man stelle sich vor<\/em>...), while they are a recurring and conspicuous structure in 17th-19th century dramas. A key finding was that the formula is mainly used by characters to elicit the action of a person in a lower position.<\/p>","protected":false},"excerpt":{"rendered":"<p>Vom 28.2.-1.3.24 fand die Jahrestagung der DGfS (Deutsche Gesellschaft f\u00fcr Sprachwissenschaft) an der Ruhr-Universit\u00e4t Bochum unter dem Thema &#8222;Sprache und Einstellung&#8220; statt. Passend zu diesem \u00dcberthema wurde in einem Panel das f\u00fcr die Forschungsgruppe wichtige Konzept des Stance Taking in den Blick genommen und in sowohl inhaltlich auch methodisch sehr vielf\u00e4ltigen Beitr\u00e4gen der Fragen nachgegangen, inwiefern Pronomen dazu beitragen Stance zu markieren. Auch unser Projekt war mit einem Vortrag in Kooperation mit dem Projekt in Hamburg vertreten. <\/p>","protected":false},"author":3,"featured_media":487,"comment_status":"open","ping_status":"open","sticky":false,"template":"","format":"standard","meta":{"site-container-style":"default","site-container-layout":"default","site-sidebar-layout":"default","disable-article-header":"default","disable-site-header":"default","disable-site-footer":"default","disable-content-area-spacing":"default","footnotes":""},"categories":[1],"tags":[],"class_list":["post-486","post","type-post","status-publish","format-standard","has-post-thumbnail","hentry","category-uncategorized"],"publishpress_future_action":{"enabled":false,"date":"2026-05-10 17:13:08","action":"change-status","newStatus":"draft","terms":[],"taxonomy":"category","extraData":[]},"publishpress_future_workflow_manual_trigger":{"enabledWorkflows":[]},"_links":{"self":[{"href":"https:\/\/tp2.forschungsgruppe-pronomen.de\/en\/wp-json\/wp\/v2\/posts\/486","targetHints":{"allow":["GET"]}}],"collection":[{"href":"https:\/\/tp2.forschungsgruppe-pronomen.de\/en\/wp-json\/wp\/v2\/posts"}],"about":[{"href":"https:\/\/tp2.forschungsgruppe-pronomen.de\/en\/wp-json\/wp\/v2\/types\/post"}],"author":[{"embeddable":true,"href":"https:\/\/tp2.forschungsgruppe-pronomen.de\/en\/wp-json\/wp\/v2\/users\/3"}],"replies":[{"embeddable":true,"href":"https:\/\/tp2.forschungsgruppe-pronomen.de\/en\/wp-json\/wp\/v2\/comments?post=486"}],"version-history":[{"count":3,"href":"https:\/\/tp2.forschungsgruppe-pronomen.de\/en\/wp-json\/wp\/v2\/posts\/486\/revisions"}],"predecessor-version":[{"id":507,"href":"https:\/\/tp2.forschungsgruppe-pronomen.de\/en\/wp-json\/wp\/v2\/posts\/486\/revisions\/507"}],"wp:featuredmedia":[{"embeddable":true,"href":"https:\/\/tp2.forschungsgruppe-pronomen.de\/en\/wp-json\/wp\/v2\/media\/487"}],"wp:attachment":[{"href":"https:\/\/tp2.forschungsgruppe-pronomen.de\/en\/wp-json\/wp\/v2\/media?parent=486"}],"wp:term":[{"taxonomy":"category","embeddable":true,"href":"https:\/\/tp2.forschungsgruppe-pronomen.de\/en\/wp-json\/wp\/v2\/categories?post=486"},{"taxonomy":"post_tag","embeddable":true,"href":"https:\/\/tp2.forschungsgruppe-pronomen.de\/en\/wp-json\/wp\/v2\/tags?post=486"}],"curies":[{"name":"wp","href":"https:\/\/api.w.org\/{rel}","templated":true}]}}