{"id":483,"date":"2024-03-15T10:01:19","date_gmt":"2024-03-15T09:01:19","guid":{"rendered":"https:\/\/tp2.forschungsgruppe-pronomen.de\/?p=483"},"modified":"2024-04-18T10:48:19","modified_gmt":"2024-04-18T09:48:19","slug":"nach-der-transkription-ist-vor-der-normalisierung","status":"publish","type":"post","link":"https:\/\/tp2.forschungsgruppe-pronomen.de\/en\/nach-der-transkription-ist-vor-der-normalisierung\/","title":{"rendered":"After the transcription is before the normalisation"},"content":{"rendered":"<p>One of the aims of our project is to compile a small corpus of plague treatises and descriptions of health resorts (B\u00e4derkunden) from the 15th-17th centuries, which will also be made available for other research interests.The prints have all been digitised by various libraries, but had to be made machine-readable for further processing. To do this, we used the transkribus software in the project, which enables automatic text recognition even for older language levels and different fonts. The results then had to be proofread. We were able to complete this first important step in the middle of last year. We aim to publish the transcriptions soon and make them available for use. <\/p>\n\n\n\n<p>In the next step, we are now in the process of formally annotating the texts: Normalisation, lemmatisation and part of speech. For this, we first used the automatic tagger DTA-CAB from the German text archive (Deutsche Textarchiv). Now we need to correct the annotations again and adapt them to our requirements. We are working with the INCEpTION software, which is designed for corpus annotations (see image). At the moment we are working on normalisation, but we hope to be able to start with the next annotation level soon. <\/p>\n\n\n\n<p>After the formal annotations, we also want to make our own qualitative annotations, which will help us to describe <em>man<\/em>-usages<\/p>","protected":false},"excerpt":{"rendered":"<p>Ein Teilziel unseres Projekts ist es ein kleines Korpus von Pesttraktaten und B\u00e4derkunden aus dem 15.-17. Jh. zu erstellen, das auch f\u00fcr andere Forschungsinteressen verf\u00fcgbar gemacht werden wird. In diesem Beitrag geben wir einen kleinen Einblick in die Korpuserstellung und unseren aktuellen Stand.<\/p>","protected":false},"author":3,"featured_media":484,"comment_status":"open","ping_status":"open","sticky":false,"template":"","format":"standard","meta":{"site-container-style":"default","site-container-layout":"default","site-sidebar-layout":"default","disable-article-header":"default","disable-site-header":"default","disable-site-footer":"default","disable-content-area-spacing":"default","footnotes":""},"categories":[1],"tags":[],"class_list":["post-483","post","type-post","status-publish","format-standard","has-post-thumbnail","hentry","category-uncategorized"],"publishpress_future_action":{"enabled":false,"date":"2026-05-10 16:58:13","action":"change-status","newStatus":"draft","terms":[],"taxonomy":"category","extraData":[]},"publishpress_future_workflow_manual_trigger":{"enabledWorkflows":[]},"_links":{"self":[{"href":"https:\/\/tp2.forschungsgruppe-pronomen.de\/en\/wp-json\/wp\/v2\/posts\/483","targetHints":{"allow":["GET"]}}],"collection":[{"href":"https:\/\/tp2.forschungsgruppe-pronomen.de\/en\/wp-json\/wp\/v2\/posts"}],"about":[{"href":"https:\/\/tp2.forschungsgruppe-pronomen.de\/en\/wp-json\/wp\/v2\/types\/post"}],"author":[{"embeddable":true,"href":"https:\/\/tp2.forschungsgruppe-pronomen.de\/en\/wp-json\/wp\/v2\/users\/3"}],"replies":[{"embeddable":true,"href":"https:\/\/tp2.forschungsgruppe-pronomen.de\/en\/wp-json\/wp\/v2\/comments?post=483"}],"version-history":[{"count":3,"href":"https:\/\/tp2.forschungsgruppe-pronomen.de\/en\/wp-json\/wp\/v2\/posts\/483\/revisions"}],"predecessor-version":[{"id":509,"href":"https:\/\/tp2.forschungsgruppe-pronomen.de\/en\/wp-json\/wp\/v2\/posts\/483\/revisions\/509"}],"wp:featuredmedia":[{"embeddable":true,"href":"https:\/\/tp2.forschungsgruppe-pronomen.de\/en\/wp-json\/wp\/v2\/media\/484"}],"wp:attachment":[{"href":"https:\/\/tp2.forschungsgruppe-pronomen.de\/en\/wp-json\/wp\/v2\/media?parent=483"}],"wp:term":[{"taxonomy":"category","embeddable":true,"href":"https:\/\/tp2.forschungsgruppe-pronomen.de\/en\/wp-json\/wp\/v2\/categories?post=483"},{"taxonomy":"post_tag","embeddable":true,"href":"https:\/\/tp2.forschungsgruppe-pronomen.de\/en\/wp-json\/wp\/v2\/tags?post=483"}],"curies":[{"name":"wp","href":"https:\/\/api.w.org\/{rel}","templated":true}]}}