{"id":479,"date":"2024-03-28T14:35:15","date_gmt":"2024-03-28T13:35:15","guid":{"rendered":"https:\/\/tp2.forschungsgruppe-pronomen.de\/?p=479"},"modified":"2024-04-18T10:20:05","modified_gmt":"2024-04-18T09:20:05","slug":"praesentation-bei-der-hison-jahrestagung-in-zuerich","status":"publish","type":"post","link":"https:\/\/tp2.forschungsgruppe-pronomen.de\/en\/praesentation-bei-der-hison-jahrestagung-in-zuerich\/","title":{"rendered":"Presentation at the annual conference of HiSoN in Zurich"},"content":{"rendered":"<p>The annual conference of the Historical Sociolinguistics Network 2024 will take place from 5th-7th June in Zurich<a href=\"https:\/\/www.hison.org\/index.php\">https:\/\/www.hison.org\/index.php<\/a>and the theme will be \u201eDiversity and uniformity across time and space\u201c.<a href=\"https:\/\/www.ds.uzh.ch\/de\/tagungen\/hison2024.html\">https:\/\/www.ds.uzh.ch\/de\/tagungen\/hison2024.html<\/a>). The aim of the conference is, on the one hand, to examine the variation of linguistic phenomena against the background of various factors such as text types, regions and social situations and, on the other hand, to investigate processes of standardisation and the influence of associated ideologies. The first point is particularly relevant for our project, as we are investigating the hypothesis that different uses of man emerge in different text genres. We are very pleased that our presentation entitled \"Referential and functional variation of the German impersonal pronoun man across historical genres: newspapers, comedies and witch trial protocols\" has been accepted. We will present our initial findings on genre-specific and cross-genre uses of <em>man<\/em> in comedies, newspapers and witch trial protocolls.<\/p>","protected":false},"excerpt":{"rendered":"<p>Vom 5.-7. Juni findet an der Universit\u00e4t Z\u00fcrich die Jahrestagung des Historical Sociolinguistic Networks unter dem Thema &#8222;Diversity and uniformity across time and space&#8220; statt. Wir werden mit unserem Projekt mit einer Pr\u00e4sentation vertreten sein und erste Ergebnisse bez\u00fcglich genrespezifischen und genre\u00fcbergreifenden Verwendungen von man in Kom\u00f6dien, Zeitungen und Hexenverh\u00f6rprotokollen vorstellen.<\/p>","protected":false},"author":3,"featured_media":480,"comment_status":"open","ping_status":"open","sticky":false,"template":"","format":"standard","meta":{"site-container-style":"default","site-container-layout":"default","site-sidebar-layout":"default","disable-article-header":"default","disable-site-header":"default","disable-site-footer":"default","disable-content-area-spacing":"default","footnotes":""},"categories":[1],"tags":[7,9,8],"class_list":["post-479","post","type-post","status-publish","format-standard","has-post-thumbnail","hentry","category-uncategorized","tag-hison-2024","tag-historical-socioliguistics","tag-zuerich"],"publishpress_future_action":{"enabled":false,"date":"2026-05-10 17:26:04","action":"change-status","newStatus":"draft","terms":[],"taxonomy":"category","extraData":[]},"publishpress_future_workflow_manual_trigger":{"enabledWorkflows":[]},"_links":{"self":[{"href":"https:\/\/tp2.forschungsgruppe-pronomen.de\/en\/wp-json\/wp\/v2\/posts\/479","targetHints":{"allow":["GET"]}}],"collection":[{"href":"https:\/\/tp2.forschungsgruppe-pronomen.de\/en\/wp-json\/wp\/v2\/posts"}],"about":[{"href":"https:\/\/tp2.forschungsgruppe-pronomen.de\/en\/wp-json\/wp\/v2\/types\/post"}],"author":[{"embeddable":true,"href":"https:\/\/tp2.forschungsgruppe-pronomen.de\/en\/wp-json\/wp\/v2\/users\/3"}],"replies":[{"embeddable":true,"href":"https:\/\/tp2.forschungsgruppe-pronomen.de\/en\/wp-json\/wp\/v2\/comments?post=479"}],"version-history":[{"count":3,"href":"https:\/\/tp2.forschungsgruppe-pronomen.de\/en\/wp-json\/wp\/v2\/posts\/479\/revisions"}],"predecessor-version":[{"id":504,"href":"https:\/\/tp2.forschungsgruppe-pronomen.de\/en\/wp-json\/wp\/v2\/posts\/479\/revisions\/504"}],"wp:featuredmedia":[{"embeddable":true,"href":"https:\/\/tp2.forschungsgruppe-pronomen.de\/en\/wp-json\/wp\/v2\/media\/480"}],"wp:attachment":[{"href":"https:\/\/tp2.forschungsgruppe-pronomen.de\/en\/wp-json\/wp\/v2\/media?parent=479"}],"wp:term":[{"taxonomy":"category","embeddable":true,"href":"https:\/\/tp2.forschungsgruppe-pronomen.de\/en\/wp-json\/wp\/v2\/categories?post=479"},{"taxonomy":"post_tag","embeddable":true,"href":"https:\/\/tp2.forschungsgruppe-pronomen.de\/en\/wp-json\/wp\/v2\/tags?post=479"}],"curies":[{"name":"wp","href":"https:\/\/api.w.org\/{rel}","templated":true}]}}